{"id":4488,"date":"2023-03-04T20:11:38","date_gmt":"2023-03-04T19:11:38","guid":{"rendered":"https:\/\/erasmusfugger.eu\/?p=4488"},"modified":"2023-05-02T23:53:22","modified_gmt":"2023-05-02T21:53:22","slug":"for-erasmus-groups-brussels-is-a-must","status":"publish","type":"post","link":"https:\/\/erasmusfugger.eu\/de\/2023\/03\/04\/for-erasmus-groups-brussels-is-a-must\/","title":{"rendered":"F\u00fcr Erasmus+-Gruppen ist der Br\u00fcsselbesuch Pflicht"},"content":{"rendered":"<p>Das deutsche und das slowakische Erasmus+-Team begannen ihre Reise zur <a href=\"https:\/\/erasmusfugger.eu\/2023\/03\/29\/student-mobility-in-antwerpen-march-2023\/\" target=\"_blank\" rel=\"noopener\">Mobilit\u00e4tswoche in Antwerpen<\/a> sehr fr\u00fch am Morgen. Nach dem Transfer vom Flughafen und Bahnhof hatten sie noch viel Zeit, um gemeinsam das Zentrum der EU-Institutionen, Br\u00fcssel, zu erkunden. Sie sahen nicht nur den historischen Stadtkern mit dem Grand-Place oder Grote Marks, der von den beeindruckenden barocken Zunftgeb\u00e4uden der ehemaligen Br\u00fcsseler Z\u00fcnfte umgeben ist, und zwei gr\u00f6\u00dfere Geb\u00e4ude: das pr\u00e4chtige Rathaus und das neugotische K\u00f6nigliche Haus oder Brothaus, das das Br\u00fcsseler Stadtmuseum beherbergt. Zum historischen Rundgang geh\u00f6rte auch der obligatorische Besuch des Manneken Pis, das derzeit in k\u00f6nigsblau gekleidet war.<\/p>\n<p>Ihre Schritte f\u00fchrten sie aber auch zum <a href=\"https:\/\/visiting.europarl.europa.eu\/de\/visitor-offer\/brussels\/parlamentarium\" target=\"_blank\" rel=\"noopener\">Parlamentarium<\/a>, wo sie in einer beeindruckenden interaktiven Ausstellung viele interessante Informationen \u00fcber die Mitgliedstaaten der Europ\u00e4ischen Union erfuhren. Multimediaguides f\u00fchrten die Studenten und Sch\u00fcler in das Herz des Europ\u00e4ischen Parlaments und erkl\u00e4rten ihnen den Weg zur europ\u00e4ischen Zusammenarbeit, wie das Europ\u00e4ische Parlament arbeitet und was seine Mitglieder tun, um die heutigen Herausforderungen zu bew\u00e4ltigen. Beeindruckend ist, dass der Rundgang im <a href=\"https:\/\/visiting.europarl.europa.eu\/de\/visitor-offer\/brussels\/parlamentarium\" target=\"_blank\" rel=\"noopener\">Parlamentarium<\/a> in jeder der 24 Amtssprachen der Europ\u00e4ischen Union m\u00f6glich ist. Augsburger Sch\u00fclerinnen und Sch\u00fcler haben hier sogar ihren virtuellen Fu\u00dfabdruck hinterlassen. Nach dieser sch\u00f6nen Zeit machten sich die beiden Gruppen auf die Reise nach Antwerpen.<\/p>\nngg_shortcode_0_placeholder\n","protected":false},"excerpt":{"rendered":"<p>Das deutsche und das slowakische Erasmus+-Team begannen ihre Reise zur Mobilit\u00e4tswoche in Antwerpen sehr fr\u00fch am Morgen. Nach dem Transfer vom Flughafen und Bahnhof hatten sie noch viel Zeit, um gemeinsam das Zentrum der EU-Institutionen, Br\u00fcssel, zu erkunden. Sie sahen nicht nur den historischen Stadtkern mit dem Grand-Place oder Grote Marks, der von den beeindruckenden <a class=\"more-link\" href=\"https:\/\/erasmusfugger.eu\/de\/2023\/03\/04\/for-erasmus-groups-brussels-is-a-must\/\">Read More &#8230;<\/a><\/p>\n","protected":false},"author":4,"featured_media":4498,"comment_status":"closed","ping_status":"closed","sticky":false,"template":"","format":"standard","meta":{"ngg_post_thumbnail":0,"pgc_sgb_lightbox_settings":"","footnotes":""},"categories":[1],"tags":[81,172,169,70,60,27,59],"ppma_author":[],"class_list":["post-4488","post","type-post","status-publish","format-standard","has-post-thumbnail","hentry","category-activities","tag-banska-bystrica","tag-europeanunion","tag-parlamentarium","tag-augsburg","tag-city-tour","tag-erasmus","tag-europe"],"translation":{"provider":"WPGlobus","version":"3.0.2","language":"de","enabled_languages":["en","de","es","nl","sk"],"languages":{"en":{"title":true,"content":true,"excerpt":false},"de":{"title":true,"content":true,"excerpt":false},"es":{"title":false,"content":false,"excerpt":false},"nl":{"title":false,"content":false,"excerpt":false},"sk":{"title":true,"content":true,"excerpt":false}}},"authors":[],"_links":{"self":[{"href":"https:\/\/erasmusfugger.eu\/de\/wp-json\/wp\/v2\/posts\/4488","targetHints":{"allow":["GET"]}}],"collection":[{"href":"https:\/\/erasmusfugger.eu\/de\/wp-json\/wp\/v2\/posts"}],"about":[{"href":"https:\/\/erasmusfugger.eu\/de\/wp-json\/wp\/v2\/types\/post"}],"author":[{"embeddable":true,"href":"https:\/\/erasmusfugger.eu\/de\/wp-json\/wp\/v2\/users\/4"}],"replies":[{"embeddable":true,"href":"https:\/\/erasmusfugger.eu\/de\/wp-json\/wp\/v2\/comments?post=4488"}],"version-history":[{"count":10,"href":"https:\/\/erasmusfugger.eu\/de\/wp-json\/wp\/v2\/posts\/4488\/revisions"}],"predecessor-version":[{"id":4503,"href":"https:\/\/erasmusfugger.eu\/de\/wp-json\/wp\/v2\/posts\/4488\/revisions\/4503"}],"wp:featuredmedia":[{"embeddable":true,"href":"https:\/\/erasmusfugger.eu\/de\/wp-json\/wp\/v2\/media\/4498"}],"wp:attachment":[{"href":"https:\/\/erasmusfugger.eu\/de\/wp-json\/wp\/v2\/media?parent=4488"}],"wp:term":[{"taxonomy":"category","embeddable":true,"href":"https:\/\/erasmusfugger.eu\/de\/wp-json\/wp\/v2\/categories?post=4488"},{"taxonomy":"post_tag","embeddable":true,"href":"https:\/\/erasmusfugger.eu\/de\/wp-json\/wp\/v2\/tags?post=4488"},{"taxonomy":"author","embeddable":true,"href":"https:\/\/erasmusfugger.eu\/de\/wp-json\/wp\/v2\/ppma_author?post=4488"}],"curies":[{"name":"wp","href":"https:\/\/api.w.org\/{rel}","templated":true}]}}