{"id":1732,"date":"2022-05-15T14:46:00","date_gmt":"2022-05-15T12:46:00","guid":{"rendered":"https:\/\/erasmusfugger.eu\/?p=1732"},"modified":"2023-01-06T21:34:36","modified_gmt":"2023-01-06T20:34:36","slug":"student-mobility-in-augsburg-2022","status":"publish","type":"post","link":"https:\/\/erasmusfugger.eu\/sk\/2022\/05\/15\/student-mobility-in-augsburg-2022\/","title":{"rendered":"1. \u017eiacka mobilita Augsburg, Nemecko 2022"},"content":{"rendered":"<p>30. apr\u00edla kone\u010dne nastal ten \u010das. Po viac ako roku a pol \u010dakania kv\u00f4li pand\u00e9mii Corona v\u00edrusu \u0161tudenti z partnersk\u00fdch \u0161k\u00f4l z Belgicka, \u0160panielska, Slovenska a Talianska kone\u010dne pricestovali do Augsburgu na \u00favodn\u00fd projektov\u00fd t\u00fd\u017ede\u0148 v r\u00e1mci projektu Erasmus+. Po zozn\u00e1men\u00ed sa s nemeck\u00fdmi \u0161tudentmi a ich hostite\u013esk\u00fdmi rodinami sa v\u0161etci \u00fa\u010dastn\u00edci projektu stretli na uv\u00edtacej ve\u010deri. \u010cakanie na jedlo pon\u00faklo aj prv\u00fa pr\u00edle\u017eitos\u0165 da\u0165 sa do re\u010di a nadviaza\u0165 tak nov\u00e9 a jedine\u010dn\u00e9 priate\u013estv\u00e1.<\/p>\n<p>&#8222;Rodinn\u00fd de\u0148&#8220; bol napl\u00e1novan\u00fd na nede\u013eu a pon\u00fakol rodin\u00e1m mo\u017enos\u0165 str\u00e1vi\u0165 so svojimi hos\u0165ami trochu viac \u010dasu a lep\u0161ie ich spozna\u0165. V Augsburgu sa pr\u00e1ve v&nbsp;tom \u010dase konal tradi\u010dn\u00fd nemeck\u00fd \u013eudov\u00fd festival &#8222;Pl\u00e4rrer&#8220;, tak\u017ee pre rodiny a host\u00ed to bola skvel\u00e1 pr\u00edle\u017eitos\u0165 str\u00e1vi\u0165 spolo\u010dn\u00fd de\u0148 pln\u00fd z\u00e1bavy. \u010eal\u0161ie rodiny vzali svojich host\u00ed na dych vyr\u00e1\u017eaj\u00face miesta v okol\u00ed Augsburgu, kde mohli spozna\u0165 kr\u00e1snu krajinu, mal\u00e9 malebn\u00e9 meste\u010dk\u00e1 a jedine\u010dn\u00fa pr\u00edrodu.<\/p>\nngg_shortcode_0_placeholder\n<p>Pondelok sa za\u010dal na JFG ofici\u00e1lnym priv\u00edtan\u00edm riadite\u013ekou \u0161koly a prehliadkou \u0161koly. Potom sa hostia z\u00fa\u010dastnili na niektor\u00fdch vyu\u010dovac\u00edch hodin\u00e1ch, aby si vysk\u00fa\u0161ali ka\u017edodenn\u00fd \u017eivot nemeck\u00fdch \u017eiakov. Po obede v \u0161kolskej jed\u00e1lni sa v\u0161etci stretli v \u0161kolskej z\u00e1hrade na povinnej skupinovej fotografii. O chv\u00ed\u013eu nesk\u00f4r sa pri Augustovej font\u00e1ne otvorila p\u00e1tracia akcia. \u017diaci mali mo\u017enos\u0165 spozna\u0165 Augsburg \u00faplne nov\u00fdm sp\u00f4sobom, a to vyplnen\u00edm z\u00e1bavn\u00fdch a zauj\u00edmav\u00fdch kv\u00edzov\u00fdch ot\u00e1zok o zn\u00e1mych osobnostiach a pamiatkach v Augsburgu. V\u00e4\u010d\u0161ia \u010das\u0165 p\u00e1tracej akcie sa odohr\u00e1vala v starej \u010dasti Augsburgu. Bol to dobr\u00fd sp\u00f4sob, ako v\u00fdmenn\u00fdm \u0161tudentom priamo na mieste uk\u00e1za\u0165 hist\u00f3riu mesta. Po zhroma\u017eden\u00ed a vypracovan\u00ed kv\u00edzov\u00fdch ot\u00e1zok sa v\u0161etci stretli pri kostole Ulrichskirche a rozhodli sa pre n\u00e1v\u0161tevu Citygalerie, najv\u00e4\u010d\u0161ieho n\u00e1kupn\u00e9ho centra Augsburgu. Po n\u00e1vrate do \u0161kolskej z\u00e1hrady JFG u\u017e prebiehali pr\u00edpravy na ve\u010deru. Zatia\u013e \u010do sa \u0161tudenti venovali r\u00f4znym \u0161portom a hr\u00e1m, ako napr\u00edklad futbalu, bedmintonu a mnoh\u00fdm \u010fal\u0161\u00edm z\u00e1bavn\u00fdm aktivit\u00e1m, rodina \u0161koln\u00edka pripravila tradi\u010dn\u00fa bavorsk\u00fa ve\u010deru. Po ve\u010deri v\u0161etci op\u00e4\u0165 pomohli uprata\u0165 \u0161kolsk\u00fa z\u00e1hradu, a tak sa ve\u013emi \u00faspe\u0161n\u00fd prv\u00fd programov\u00fd de\u0148 tohto projektov\u00e9ho t\u00fd\u017ed\u0148a skon\u010dil.<\/p>\nngg_shortcode_1_placeholder\n<p>&#8222;\u010cas let\u00ed, ke\u010f sa bav\u00edte,&#8220; povedal kedysi Albert Einstein, a to ur\u010dite plat\u00ed aj pre projektov\u00fd t\u00fd\u017ede\u0148 Erasmus. Prv\u00fdch p\u00e1r dn\u00ed u\u017e bolo za nami, ke\u010f v utorok kone\u010dne nastal \u010das presk\u00fama\u0165 jednu z najd\u00f4le\u017eitej\u0161\u00edch pamiatok, ktor\u00fa zalo\u017eil Jakob Fugger: Fuggerei &#8211; najstar\u0161ie soci\u00e1lne s\u00eddlisko na svete. Skupina Erasmus sa rozdelila na dve skupiny a po kr\u00e1tkom \u00favode sa obe skupiny vydali na cestu hist\u00f3riou Fuggerei. Po\u010das komentovanej prehliadky sa dozvedeli &nbsp;v\u0161etko od prv\u00e9ho n\u00e1padu postavi\u0165 Fuggerei, cez jej zni\u010denie po\u010das druhej svetovej vojny a\u017e po jej obnovu po vojne. Ve\u013emi zauj\u00edmav\u00e1 je nielen hist\u00f3ria tohto v\u00fdnimo\u010dn\u00e9ho miesta, ale aj jeho s\u00fa\u010dasn\u00fd stavebn\u00fd stav. Zauj\u00edmavos\u0165ou pre v\u0161etk\u00fdch \u017eiakov a u\u010dite\u013eov bol fakt, \u017ee n\u00e1jomn\u00e9 sa od zalo\u017eenia Fuggerei nemenilo: v\u017edy to bol jeden r\u00fdnsky gulden (dnes 88 centov) &#8211; plus tri modlitby denne pre rodinu Fuggerovcov.<\/p>\n<p>Nastal \u010das uplatni\u0165 nadobudnut\u00e9 vedomosti. \u0160tudenti mali mo\u017enos\u0165 sami presk\u00fama\u0165 Fuggerei a odpoveda\u0165 na nieko\u013eko ot\u00e1zok o obyvate\u013eoch, \u017eivote v komplexe soci\u00e1lneho b\u00fdvania a navy\u0161e aj o tom, ako toto ve\u013emi zvl\u00e1\u0161tne miesto funguje a&nbsp;je spravovan\u00e9. Rozdelen\u00ed do nov\u00fdch men\u0161\u00edch viac\u010dlenn\u00fdch skup\u00edn mohli za\u010da\u0165 s&nbsp;vypracov\u00e1van\u00edm zadan\u00ed. V snahe odpoveda\u0165 na v\u0161etky ot\u00e1zky \u0161tudenti nav\u0161t\u00edvili &#8222;M\u00fazeum obyvate\u013eov&#8220; a &#8222;M\u00fazeum ka\u017edodenn\u00e9ho \u017eivota&#8220;. Mali zisti\u0165, \u010do je zvl\u00e1\u0161tne na koncepcii Fuggerei, mohli si vypo\u010du\u0165 sk\u00fasenosti b\u00fdval\u00fdch a s\u00fa\u010dasn\u00fdch obyvate\u013eov. Na z\u00e1ver mali \u0161tudenti mo\u017enos\u0165 nap\u00edsa\u0165, \u010do sa im na tomto mieste p\u00e1\u010di a \u010do by zmenili. Jednou z najv\u00e4\u010d\u0161\u00edch ob\u00e1v bola, samozrejme, nutnos\u0165 zaplati\u0165 za neskor\u00fd n\u00e1vrat domov, ke\u010f\u017ee br\u00e1ny Fuggerei sa zatv\u00e1raj\u00fa po 22. hodine!<\/p>\nngg_shortcode_2_placeholder\n<p>Po obed\u0148aj\u0161ej prest\u00e1vke bola na programe n\u00e1v\u0161teva m\u00fazea Fugger-Welser Erlebnis. Tu sa \u017eiaci mohli dozvedie\u0165 ve\u013ea inform\u00e1ci\u00ed o vplyve rod\u00edn Fugger a Welser a\u017e po s\u00fa\u010dasnos\u0165. Na workshopoch v m\u00fazeu si \u017eiaci uvedomili, \u017ee eur\u00f3psky poh\u013ead na in\u00e9 krajiny a cel\u00fd svet z&nbsp;minulosti je v niektor\u00fdch oh\u013eadoch pr\u00edtomn\u00fd aj dnes. Ilustrovali to pomocou &#8222;mapy skuto\u010dn\u00e9ho sveta&#8220;, ktor\u00e1 na rozdiel od koloni\u00e1lneho poh\u013eadu ukazuje, \u017ee Eur\u00f3pa nie je stredom sveta, ako je zobrazen\u00e1 na &#8222;be\u017en\u00fdch&#8220; map\u00e1ch. Okrem toho boli na programe \u010fal\u0161ie \u00fastredn\u00e9 probl\u00e9my, ako napr\u00edklad diskrimin\u00e1cia ur\u010dit\u00fdch skup\u00edn, preto\u017ee stredovek bol aj obdob\u00edm otroctva. Existoval ve\u013ek\u00fd trh s otrokmi, do ktor\u00e9ho bola zapojen\u00e1 aj rodina Fuggerovcov.<\/p>\n<p>Na ilustr\u00e1ciu toho, ko\u013eko \u013eud\u00ed e\u0161te aj dnes \u010del\u00ed diskrimin\u00e1cii alebo diskrimina\u010dn\u00fdm situ\u00e1ci\u00e1m, museli v\u0161etci \u00fa\u010dastn\u00edci urobi\u0165 mal\u00e9 cvi\u010denie s n\u00e1zvom &#8222;Ak sa \u0165a to t\u00fdka, pohni sa&#8220;. T\u00fdmto sp\u00f4sobom skupina zistila, kto za\u017eil diskrimin\u00e1ciu. Po diskusii o tejto t\u00e9me z postkoloni\u00e1lnej a historickej perspekt\u00edvy \u00fa\u010dastn\u00edci workshopu objavili nov\u00e9 sp\u00f4soby &#8222;zmeny poh\u013eadu&#8220; na diskrimin\u00e1ciu a akcept\u00e1ciu. Otvoril sa t\u00fdm aj nov\u00fd rozmer toho, ako Jakob Fugger zanechal svoju stopu. Poslednou \u00falohou d\u0148a bolo n\u00e1js\u0165 slovo alebo kr\u00e1tku vetu, ktor\u00e1 by zhrnula v\u0161etky z\u00edskan\u00e9 poznatky a perspekt\u00edvy. Bolo prezentovan\u00fdch mnoho n\u00e1dhern\u00fdch my\u0161lienok a de\u0148 sa skon\u010dil s dobr\u00fdm pocitom a ve\u013ek\u00fdmi n\u00e1dejami do bud\u00facnosti.<\/p>\n<p>Ani sme sa nenazdali a bol tu piaty de\u0148 programu. V \u0161kole v\u0161etky skupiny kraj\u00edn prezentovali v\u00fdsledky dotazn\u00edka o Jakobovi Fuggerovi, ktor\u00fd sa uskuto\u010dnil pred mobilitou v jednotliv\u00fdch krajin\u00e1ch. T\u00fdkal sa ot\u00e1zok ako &#8222;Mala by existova\u0165 Fuggerei 2.0?&#8220;, &#8222;Kto by ju financoval?&#8220;, &#8222;Kto by tam mal \u017ei\u0165?&#8220; a &#8222;Ako by mala vyzera\u0165?&#8220;. Po\u010das prezent\u00e1cie sa p\u00fa\u0161\u0165al Kahoot a premietalo sa video zo \u017eiv\u00e9ho prieskumu zo Slovenska, v ktorom sa \u0161tudenti p\u00fdtali okoloid\u00facich, \u010do vedia o Jakobovi Fuggerovi a \u010do sa im sp\u00e1ja s jeho menom. V\u00fdsledky dotazn\u00edkov v jednotliv\u00fdch krajin\u00e1ch boli ve\u013emi rozdielne.<\/p>\n<p>Potom bolo na programe ofici\u00e1lne prijatie v meste Augsburg s viceprim\u00e1torkou Martinou Wildovou. T\u00e1 vzala projektov\u00fa skupinu na kr\u00e1tku cestu hist\u00f3riou Augsburgu a zd\u00f4raznila najm\u00e4 to, ak\u00e9 d\u00f4le\u017eit\u00e9 s\u00fa v dne\u0161nej dobe eur\u00f3pske projekty, ako je ten n\u00e1\u0161. \u010eal\u0161\u00edm logick\u00fdm krokom bola n\u00e1v\u0161teva &#8222;Zlatej s\u00e1ly&#8220; na radnici o poschodie vy\u0161\u0161ie. N\u00e1dhern\u00e9 fotografie tejto \u00fa\u017easnej miestnosti, z ktorej sa naskyt\u00e1 aj ve\u013emi kr\u00e1sny v\u00fdh\u013ead na Augsburg, bud\u00fa v\u0161etk\u00fdm sl\u00fa\u017ei\u0165 ako \u017eiv\u00e1 spomienka na pr\u00edjemne str\u00e1ven\u00fd \u010das.<\/p>\nngg_shortcode_3_placeholder\n<p>Po kr\u00e1tkej obed\u0148aj\u0161ej prest\u00e1vke bol na programe rozhovor s potomkom Jakoba Fuggera, M\u00e1riou Ter\u00e9ziou gr\u00f3fkou Fuggerovou von Gl\u00f6tt, vo Fuggerei. Ot\u00e1zky, ako napr\u00edklad &#8222;Ak\u00e9 je to by\u0165 \u010dlenom rodiny Fuggerovcov?&#8220;, &#8222;\u010c\u00edm sa \u017eiv\u00edte?&#8220;, &#8222;S\u00fa v\u0161etci vo va\u0161ej rodine bohat\u00ed?&#8220; alebo &#8222;Kde s\u00fa teraz v\u0161etky peniaze rodiny Fuggerovcov?&#8220;, \u017eiaci vypracovali vopred odoslali. Nesk\u00f4r dostali \u017eiaci priestor na spont\u00e1nne ot\u00e1zky.<\/p>\n<p>Po pestrom programe pri\u0161iel \u010das na oddych, ktor\u00fd niektor\u00ed str\u00e1vili nakupovan\u00edm alebo jednoduchou prech\u00e1dzkou po okol\u00ed. N\u00e1mestie pred radnicou bolo pre v\u0161etk\u00fdch tak\u00e9 p\u00f4sobiv\u00e9, \u017ee vzniklo mno\u017estvo fotografi\u00ed, ktor\u00e9 boli n\u00e1sledne okam\u017eite zverejnen\u00e9 aj na soci\u00e1lnych sie\u0165ach, tak\u017ee aj \u017eiaci, ktor\u00ed zostali doma, dostali ka\u017ed\u00fa chv\u00ed\u013eu mal\u00fa aktu\u00e1lnu inform\u00e1ciu. Z\u00e1ver d\u0148a vyvrcholil n\u00e1v\u0161tevou bowlingov\u00e9ho centra. Farby, hudba, pr\u00edjemn\u00e1 atmosf\u00e9ra. To v\u0161etko prispelo k&nbsp;tomu, \u017ee sa v\u0161etci \u0161tudenti, rozdelen\u00ed do multin\u00e1rodnostn\u00fdch skup\u00edn, zab\u00e1vali v\u00fdborne.<\/p>\n<p>Ke\u010f\u017ee \u010dlenovia projektu si doteraz prezreli mnoh\u00e9 v\u00fdznamn\u00e9 miesta v Augsburgu a dozvedeli sa ve\u013ea o Jakobovi Fuggerovi v Eur\u00f3pe, vo \u0161tvrtok bola na programe n\u00e1v\u0161teva hlavn\u00e9ho mesta spolkovej krajiny Mn\u00edchov. Po kr\u00e1tkej ceste vlakom ich u\u017e na n\u00e1mest\u00ed Marienplatz \u010dakali dvaja sprievodcovia mestom. Po\u010das komentovanej prehliadky sa dozvedeli ve\u013ea inform\u00e1ci\u00ed o kr\u00e1\u013eoch, obchodn\u00edkoch, ale aj o najv\u00fdznamnej\u0161\u00edch kostoloch mesta. Prehliadka sa skon\u010dila na trhu Viktualienmarkt, pr\u00e1ve v \u010dase na obed.<\/p>\n<p>Po n\u00e1vrate do Augsburgu bolo v aule Gymn\u00e1zia Jakoba Fuggera na programe \u010fal\u0161ie \u0161peci\u00e1lne podujatie: Fuggerovo f\u00f3rum o Jakobovi Fuggerovi. Hlavn\u00fdmi re\u010dn\u00edkmi ve\u010dera boli Astrid Gablerov\u00e1, ved\u00faca oddelenia komunik\u00e1cie a programov Nad\u00e1cie knie\u017ea\u0165a a gr\u00f3fa Fuggera, ktor\u00e1 hovorila na t\u00e9mu &#8222;Fuggerove nad\u00e1cie a bud\u00facnos\u0165 jedine\u010dnej my\u0161lienky&#8220;, a Katharina Dehnerov\u00e1, M.A., z\u00e1stupky\u0148a riadite\u013ea Fuggerovho a Welserovho m\u00fazea, ktor\u00e1 referovala na t\u00e9mu &#8222;Eur\u00f3pska Fuggerova cesta &#8211; jedna spolo\u010dnos\u0165, mnoho perspekt\u00edv&#8220;, a potom \u017eiaci z\u00fa\u010dastnen\u00fdch kraj\u00edn predstavili svoje spojenie s Jakobom Fuggerom a jeho stopami v jednotliv\u00fdch krajin\u00e1ch. Celkovo sa \u017eiakom, ako aj u\u010dite\u013eom JFG, ktor\u00ed boli tie\u017e pozvan\u00ed, rodi\u010dom, ako aj zainteresovanej verejnosti ve\u010der p\u00e1\u010dil a dozvedeli sa ve\u013ea nov\u00e9ho o Jakobovi Fuggerovi a jeho stop\u00e1ch v \u0160panielsku, Taliansku, Belgicku a na Slovensku. Ke\u010f\u017ee f\u00f3rum bolo po prv\u00fdkr\u00e1t vysielan\u00e9 na internete prostredn\u00edctvom livestreamu s viac ako 250 \u00fa\u010dastn\u00edkmi, v\u0161etci \u0161tudenti, rodi\u010dia a u\u010ditelia v jednotliv\u00fdch krajin\u00e1ch projektu mohli sledova\u0165 podujatie v re\u00e1lnom \u010dase.<\/p>\nngg_shortcode_4_placeholder\n<p>R\u00e1no 6. m\u00e1ja sme nav\u0161t\u00edvili Fuggerove lesy pri Laugne, kde n\u00e1s sprev\u00e1dzal lesn\u00fd hospod\u00e1r nad\u00e1cie &#8222;F\u00fcrstlich und Gr\u00e4flich Fuggersche Stiftungen&#8220;. Okrem ekologick\u00fdch ot\u00e1zok, ako napr\u00edklad, ako zabezpe\u010di\u0165 odolnos\u0165 lesa vo\u010di klimatick\u00fdm zmen\u00e1m a ako sa v s\u00fa\u010dasnosti pri v\u00fdsadbe nov\u00fdch stromov treba pozera\u0165 pribli\u017ene 100 rokov do bud\u00facnosti, sme sa zamerali aj na ekonomick\u00fd aspekt. V\u00fdnosy z tohto lesa maj\u00fa okrem in\u00e9ho sl\u00fa\u017ei\u0165 na financovanie Fuggerei. \u00da\u010dastn\u00edci dostali odpovede aj na ot\u00e1zky t\u00fdkaj\u00face sa v\u00fdrubu a obnovy lesa, pou\u017e\u00edvania strojov a lesa ako z\u00e1sobn\u00edka CO2. Potom sa vr\u00e1tili do \u0161koly, kde ich \u010dakali neskor\u00e9 ra\u0148ajky s typick\u00fdm bavorsk\u00fdm &#8222;Wei\u00dfwurstom&#8220;, ne\u017e sa za\u010dalo vyhodnotenie projektov\u00e9ho t\u00fd\u017ed\u0148a.<\/p>\n<p>O 19.00 h sa v historickej pivnici Philisteria Mercatura &#8211; spolku Gymn\u00e1zia Jakoba Fuggera &#8211; v centre mesta za\u010dala rozl\u00fa\u010dkov\u00e1 p\u00e1rty, na ktor\u00fa v\u0161etky rodiny priniesli jedlo, \u010d\u00edm vznikol ve\u013emi pestr\u00fd a l\u00e1kav\u00fd bufet. Ve\u010der sa skon\u010dil hlasnou \u0161panielskou hudbou a tancom v pivnici, a n\u00e1sledne sa v\u0161etci okolo 22.00 h vr\u00e1tili na Radni\u010dn\u00e9 n\u00e1mestie. Ako jedna z prv\u00fdch skup\u00edn, po pozvan\u00fdch \u010destn\u00fdch hos\u0165och, mohla skupina projektu Erasmus+ nav\u0161t\u00edvi\u0165 pavil\u00f3n Fuggerei NEXT500. Dreven\u00fd pavil\u00f3n, ktor\u00fd bol postaven\u00fd pri pr\u00edle\u017eitosti 500. v\u00fdro\u010dia zalo\u017eenia Fuggerei, pon\u00fakal inform\u00e1cie o Fuggerei, ako aj interakt\u00edvne stanovi\u0161tia, kde si n\u00e1v\u0161tevn\u00edci mohli pomocou stavebn\u00edc alebo po\u010d\u00edta\u010dovej anim\u00e1cie postavi\u0165 vlastn\u00e9 mal\u00e9 Fuggerei bud\u00facnosti. V kaviarenskej a barovej \u010dasti sa \u017eiaci stretli s mnoh\u00fdmi v\u00fdznamn\u00fdmi bavorsk\u00fdmi politikmi, ako aj s \u010dlenmi rodiny Fuggerovcov, ktor\u00fdch u\u017e poznali. Bolo to jedne\u010dn\u00e9 a ve\u013emi pr\u00edjemn\u00e9 podujatie. T\u00e1to posledn\u00e1 spolo\u010dn\u00e1 aktivita bola z\u00e1rove\u0148 vyvrcholen\u00edm projektov\u00e9ho t\u00fd\u017ed\u0148a, a tak po n\u00e1v\u0161teve pavil\u00f3nu nastal \u010das na dokonca a\u017e slzav\u00e9 l\u00fa\u010denie. Dovidenia v Sterzingu, Almad\u00e9ne, Antverp\u00e1ch alebo v Banskej Bystrici&#8230;<\/p>\nngg_shortcode_5_placeholder\n","protected":false},"excerpt":{"rendered":"<p>On 30th of April, the time had finally come. After more than a year and a half of waiting due to Corona, the students from the partner schools from Belgium, Spain, Slovakia and Italy finally arrived in Augsburg for the kick-off project week as part of the Erasmus+ project. After being welcomed by the German <a class=\"more-link\" href=\"https:\/\/erasmusfugger.eu\/sk\/2022\/05\/15\/student-mobility-in-augsburg-2022\/\">Read More &#8230;<\/a><\/p>\n","protected":false},"author":1,"featured_media":1927,"comment_status":"closed","ping_status":"closed","sticky":false,"template":"","format":"standard","meta":{"ngg_post_thumbnail":0,"pgc_sgb_lightbox_settings":"","footnotes":""},"categories":[80],"tags":[79,89,66,88,87,70,60,27,59,68,74,73,71,53,77,65,72,76,78,75],"ppma_author":[203],"class_list":["post-1732","post","type-post","status-publish","format-standard","has-post-thumbnail","hentry","category-mobilities","tag-fugger-welser-museum","tag-ecological","tag-historical-footprint","tag-medial","tag-social","tag-augsburg","tag-city-tour","tag-erasmus","tag-europe","tag-footprints","tag-forest","tag-fugger-forum","tag-fuggerei","tag-jakob-fugger","tag-major","tag-museum","tag-next500","tag-reception","tag-welcome-dinner","tag-wood"],"translation":{"provider":"WPGlobus","version":"3.0.2","language":"sk","enabled_languages":["en","de","es","nl","sk"],"languages":{"en":{"title":true,"content":true,"excerpt":false},"de":{"title":true,"content":true,"excerpt":false},"es":{"title":false,"content":false,"excerpt":false},"nl":{"title":true,"content":true,"excerpt":false},"sk":{"title":true,"content":true,"excerpt":false}}},"authors":[{"term_id":203,"user_id":1,"is_guest":0,"slug":"wp-admin","display_name":"J\u00f6rg Haas","avatar_url":{"url":"https:\/\/erasmusfugger.eu\/wp-content\/uploads\/2021\/05\/avatar_jh.png","url2x":"https:\/\/erasmusfugger.eu\/wp-content\/uploads\/2021\/05\/avatar_jh.png"},"0":null,"1":"","2":"","3":"","4":"","5":"","6":"","7":"","8":""}],"_links":{"self":[{"href":"https:\/\/erasmusfugger.eu\/sk\/wp-json\/wp\/v2\/posts\/1732","targetHints":{"allow":["GET"]}}],"collection":[{"href":"https:\/\/erasmusfugger.eu\/sk\/wp-json\/wp\/v2\/posts"}],"about":[{"href":"https:\/\/erasmusfugger.eu\/sk\/wp-json\/wp\/v2\/types\/post"}],"author":[{"embeddable":true,"href":"https:\/\/erasmusfugger.eu\/sk\/wp-json\/wp\/v2\/users\/1"}],"replies":[{"embeddable":true,"href":"https:\/\/erasmusfugger.eu\/sk\/wp-json\/wp\/v2\/comments?post=1732"}],"version-history":[{"count":10,"href":"https:\/\/erasmusfugger.eu\/sk\/wp-json\/wp\/v2\/posts\/1732\/revisions"}],"predecessor-version":[{"id":5739,"href":"https:\/\/erasmusfugger.eu\/sk\/wp-json\/wp\/v2\/posts\/1732\/revisions\/5739"}],"wp:featuredmedia":[{"embeddable":true,"href":"https:\/\/erasmusfugger.eu\/sk\/wp-json\/wp\/v2\/media\/1927"}],"wp:attachment":[{"href":"https:\/\/erasmusfugger.eu\/sk\/wp-json\/wp\/v2\/media?parent=1732"}],"wp:term":[{"taxonomy":"category","embeddable":true,"href":"https:\/\/erasmusfugger.eu\/sk\/wp-json\/wp\/v2\/categories?post=1732"},{"taxonomy":"post_tag","embeddable":true,"href":"https:\/\/erasmusfugger.eu\/sk\/wp-json\/wp\/v2\/tags?post=1732"},{"taxonomy":"author","embeddable":true,"href":"https:\/\/erasmusfugger.eu\/sk\/wp-json\/wp\/v2\/ppma_author?post=1732"}],"curies":[{"name":"wp","href":"https:\/\/api.w.org\/{rel}","templated":true}]}}